{"id":711,"date":"2023-11-19T16:00:39","date_gmt":"2023-11-19T16:00:39","guid":{"rendered":"http:\/\/thorsten-mann-raudies.de\/?p=711"},"modified":"2023-11-19T11:17:05","modified_gmt":"2023-11-19T11:17:05","slug":"gedenkstunde-fuer-den-frieden-anlaesslich-des-volkstrauertags-2023","status":"publish","type":"post","link":"http:\/\/thorsten-mann-raudies.de\/?p=711","title":{"rendered":"Gedenkstunde f\u00fcr den Frieden anl\u00e4sslich des Volkstrauertags 2023"},"content":{"rendered":"<p>Meine Begr\u00fc\u00dfung und das Totengedenken:<\/p>\n<p>Ein herzliches Willkommen allen Anwesenden zur Gedenkstunde f\u00fcr den Frieden am heutigen Volkstrauertag.<\/p>\n<p>Ein Dank allen Beteiligten f\u00fcr die w\u00fcrdige Ausgestaltung dieser Gedenkstunde.<\/p>\n<p>Der Volkstrauertag ist mehr als 100 Jahre alt \u2013 und hat seit Februar 2022 eine ersch\u00fctternde Aktualit\u00e4t gewonnen: In Europa tobt ein Angriffskrieg.<\/p>\n<p>St\u00e4dte und Landschaften werden dem Erdboden gleichgemacht, Menschen sind auf der Flucht, die Zahlen der Toten und Verwundeten steigen mit jedem Tag.<\/p>\n<p>Am 7. Oktober dieses Jahres ist ein weiterer Krieg hinzugekommen.<\/p>\n<p>Die Hamas hatte Israel angegriffen.<\/p>\n<p>Letzte Woche feierte die J\u00fcdische Gemeinde Elmshorn das 20j\u00e4hrige Jubil\u00e4um ihrer Wiedergr\u00fcndung. Ein sch\u00f6ner Anlass!<\/p>\n<p>Dass j\u00fcdisches Leben nach der Shoah wieder Fu\u00df fasst und in unserer Gesellschaft dazugeh\u00f6rt, ist alles andere als selbstverst\u00e4ndlich.<\/p>\n<p>Doch der Festakt war \u00fcberschattet von Berichten \u00fcber Bedrohungen und Angriffe, die j\u00fcdische Menschen in Deutschland wieder erleben.<\/p>\n<p>Er konnte nur unter Polizeischutz stattfinden.<\/p>\n<p>Es ist unertr\u00e4glich, dass Menschen j\u00fcdischen Glaubens in Deutschland wieder um ihre Freiheit und Sicherheit f\u00fcrchten m\u00fcssen.<\/p>\n<p>J\u00fcdinnen und Juden haben das Recht auf ein Leben in Frieden und Sicherheit, ohne Angst vor Hass oder Verfolgung.<\/p>\n<p>Es ist ersch\u00fctternd und besch\u00e4mend, dass es allein in Schleswig-Holstein seit Beginn des Jahres \u00fcber 40 Angriffe auf J\u00fcdinnen und Juden gab.<\/p>\n<p>So rufen wir:<\/p>\n<p>Nie wieder Diskriminierung, Anfeindungen und Antisemitismus gegen j\u00fcdisches Leben in Deutschland.<\/p>\n<p>Nie wieder ist jetzt!<\/p>\n<p>In Artikel 1 unseres Grundgesetzes steht: \u201eDie W\u00fcrde des Menschen ist unantastbar.\u201c<\/p>\n<p>Wagen wir einen Sprung, gut 80 Jahre zur\u00fcck.<\/p>\n<p>Wir befinden uns im von Deutschland besetzten Frankreich und treffen auf Denise Bardet.<\/p>\n<p>Sie war Grundschullehrerin in der franz\u00f6sischen Gemeinde Oradour-sur-Glane.<\/p>\n<p>Gern las sie Goethe, Schiller, Kleist und Heinrich Mann und vermittelte ihren Sch\u00fclerinnen auch in Zeiten des Krieges ihre Bewunderung f\u00fcr die deutsche Literatur.<\/p>\n<p>Unl\u00e4ngst hatte sie, ihrer Mutter zuliebe, die Stelle an der \u00f6rtlichen M\u00e4dchenschule angenommen.<\/p>\n<p>Am 10. Juni 1944, wenige Tage nach der Landung der Alliierten in der Normandie, wurde Denise 24 Jahre alt.<\/p>\n<p>Ihren Geburtstag wollte sie am Abend mit ihren Kolleginnen feiern.<\/p>\n<p>Jedoch umstellte in den Nachmittagsstunden eine SS-Kompanie das Dorf und ermordete die M\u00e4nner, Frauen und Kinder.<\/p>\n<p>Oradour-sur-Glane wurde zum Schauplatz des grausamsten Verbrechens der deutschen Besatzer in Westeuropa.<\/p>\n<p>In der Kirche des Dorfes wurden Denise Bardet, die 7- bis 8-j\u00e4hrigen M\u00e4dchen ihrer 2. Klasse und nahezu alle Frauen und Kinder des Dorfes mit wei\u00dfem Phosphor erstickt, verbrannt oder erschossen.<\/p>\n<p>Gegen\u00fcber des Altars, am Rande des Kirchenschiffs, hing ein Gedenkstein an die Toten der Gemeinde aus dem Ersten Weltkrieg.<\/p>\n<p>Die T\u00e4ter schossen auch auf die Erinnerungstafel.<\/p>\n<p>Die Einschussl\u00f6cher sind bis zum heutigen Tag zu sehen. Das Dorf wurde vollst\u00e4ndig zerst\u00f6rt.<\/p>\n<p>Solche Gr\u00e4ueltaten d\u00fcrfen nie wieder geschehen, nie wieder von Deutschland ausgehen.<\/p>\n<p>Lasst uns erinnern und mahnen, indem wir die Worte des Totengedenken h\u00f6ren, das anl\u00e4sslich der Volkstrauertage von Bundespr\u00e4sident Theodor Heuss 1952 eingef\u00fchrt, und immer wieder aktualisiert wurde, zuletzt 2021 durch Bundespr\u00e4sident Frank-Walter Steinmeier.<\/p>\n<p>Wir denken heute an die Opfer von Gewalt und Krieg, an Kinder, Frauen und M\u00e4nner aller V\u00f6lker.<\/p>\n<p>Wir gedenken der Soldaten, die in den Weltkriegen starben, der Menschen, die durch Kriegshandlungen oder danach in Gefangenschaft, als Vertriebene und Fl\u00fcchtlinge ihr Leben verloren.<\/p>\n<p>Wir gedenken derer, die verfolgt und get\u00f6tet wurden, weil sie einem anderen Volk angeh\u00f6rten, einer anderen Rasse zugerechnet wurden, Teil einer Minderheit waren oder deren Leben wegen einer Krankheit oder Behinderung als lebensunwert bezeichnet wurde.<\/p>\n<p>Wir gedenken derer, die ums Leben kamen, weil sie Widerstand gegen Gewaltherrschaft geleistet haben, und derer, die den Tod fanden, weil sie an ihrer \u00dcberzeugung oder an ihrem Glauben festhielten.<\/p>\n<p>Wir trauern um die Opfer der Kriege und B\u00fcrgerkriege unserer Tage, um die Opfer von Terrorismus und politischer Verfolgung, um die Bundeswehrsoldaten und anderen Einsatzkr\u00e4fte, die im Auslandseinsatz ihr Leben verloren.<\/p>\n<p>Wir gedenken heute auch derer, die bei uns durch Hass und Gewalt Opfer geworden sind.<\/p>\n<p>Wir gedenken der Opfer von Terrorismus und Extremismus, Antisemitismus und Rassismus in unserem Land.<\/p>\n<p>Wir trauern mit allen, die Leid tragen um die Toten, und teilen ihren Schmerz.<\/p>\n<p>Aber unser Leben steht im Zeichen der Hoffnung auf Vers\u00f6hnung unter den Menschen und V\u00f6lkern, und unsere Verantwortung gilt dem Frieden unter den Menschen zu Hause und in der ganzen Welt.<\/p>\n<p>Willy Brandt:<\/p>\n<p>Frieden ist nicht alles, aber ohne Frieden ist alles nichts!<\/p>\n<p>Danke, dass Sie heute dabei waren.<\/p>\n<p><img loading=\"lazy\" decoding=\"async\" class=\"alignnone size-medium wp-image-713\" src=\"http:\/\/thorsten-mann-raudies.de\/wp-content\/uploads\/2023\/11\/Einladung-Volkstrauertag-2023_Seite_1-286x300.jpg\" alt=\"\" width=\"286\" height=\"300\" srcset=\"http:\/\/thorsten-mann-raudies.de\/wp-content\/uploads\/2023\/11\/Einladung-Volkstrauertag-2023_Seite_1-286x300.jpg 286w, http:\/\/thorsten-mann-raudies.de\/wp-content\/uploads\/2023\/11\/Einladung-Volkstrauertag-2023_Seite_1-975x1024.jpg 975w, http:\/\/thorsten-mann-raudies.de\/wp-content\/uploads\/2023\/11\/Einladung-Volkstrauertag-2023_Seite_1-768x806.jpg 768w, http:\/\/thorsten-mann-raudies.de\/wp-content\/uploads\/2023\/11\/Einladung-Volkstrauertag-2023_Seite_1-1463x1536.jpg 1463w, http:\/\/thorsten-mann-raudies.de\/wp-content\/uploads\/2023\/11\/Einladung-Volkstrauertag-2023_Seite_1-1951x2048.jpg 1951w\" sizes=\"auto, (max-width: 286px) 100vw, 286px\" \/><\/p>\n","protected":false},"excerpt":{"rendered":"<p>Meine Begr\u00fc\u00dfung und das Totengedenken: Ein herzliches Willkommen allen Anwesenden zur Gedenkstunde f\u00fcr den Frieden am heutigen Volkstrauertag. Ein Dank allen Beteiligten f\u00fcr die w\u00fcrdige Ausgestaltung dieser Gedenkstunde. Der Volkstrauertag ist mehr als 100 Jahre alt \u2013 und hat seit Februar 2022 eine ersch\u00fctternde Aktualit\u00e4t gewonnen: In Europa tobt ein Angriffskrieg. St\u00e4dte und Landschaften werden &hellip; <\/p>\n<p class=\"link-more\"><a href=\"http:\/\/thorsten-mann-raudies.de\/?p=711\" class=\"more-link\"><span class=\"screen-reader-text\">\u201eGedenkstunde f\u00fcr den Frieden anl\u00e4sslich des Volkstrauertags 2023\u201c <\/span>weiterlesen<\/a><\/p>\n","protected":false},"author":2,"featured_media":712,"comment_status":"open","ping_status":"open","sticky":false,"template":"","format":"standard","meta":{"jetpack_post_was_ever_published":false,"_jetpack_newsletter_access":"","_jetpack_dont_email_post_to_subs":false,"_jetpack_newsletter_tier_id":0,"_jetpack_memberships_contains_paywalled_content":false,"_jetpack_memberships_contains_paid_content":false,"footnotes":"","jetpack_publicize_message":"","jetpack_publicize_feature_enabled":true,"jetpack_social_post_already_shared":true,"jetpack_social_options":{"image_generator_settings":{"template":"highway","default_image_id":0,"font":"","enabled":false},"version":2}},"categories":[13,14],"tags":[],"class_list":["post-711","post","type-post","status-publish","format-standard","has-post-thumbnail","hentry","category-allgemein","category-reden"],"jetpack_publicize_connections":[],"jetpack_featured_media_url":"http:\/\/thorsten-mann-raudies.de\/wp-content\/uploads\/2023\/11\/Einladung-Volkstrauertag-2023_Seite_2.jpg","jetpack_sharing_enabled":true,"jetpack_shortlink":"https:\/\/wp.me\/paioum-bt","_links":{"self":[{"href":"http:\/\/thorsten-mann-raudies.de\/index.php?rest_route=\/wp\/v2\/posts\/711","targetHints":{"allow":["GET"]}}],"collection":[{"href":"http:\/\/thorsten-mann-raudies.de\/index.php?rest_route=\/wp\/v2\/posts"}],"about":[{"href":"http:\/\/thorsten-mann-raudies.de\/index.php?rest_route=\/wp\/v2\/types\/post"}],"author":[{"embeddable":true,"href":"http:\/\/thorsten-mann-raudies.de\/index.php?rest_route=\/wp\/v2\/users\/2"}],"replies":[{"embeddable":true,"href":"http:\/\/thorsten-mann-raudies.de\/index.php?rest_route=%2Fwp%2Fv2%2Fcomments&post=711"}],"version-history":[{"count":2,"href":"http:\/\/thorsten-mann-raudies.de\/index.php?rest_route=\/wp\/v2\/posts\/711\/revisions"}],"predecessor-version":[{"id":715,"href":"http:\/\/thorsten-mann-raudies.de\/index.php?rest_route=\/wp\/v2\/posts\/711\/revisions\/715"}],"wp:featuredmedia":[{"embeddable":true,"href":"http:\/\/thorsten-mann-raudies.de\/index.php?rest_route=\/wp\/v2\/media\/712"}],"wp:attachment":[{"href":"http:\/\/thorsten-mann-raudies.de\/index.php?rest_route=%2Fwp%2Fv2%2Fmedia&parent=711"}],"wp:term":[{"taxonomy":"category","embeddable":true,"href":"http:\/\/thorsten-mann-raudies.de\/index.php?rest_route=%2Fwp%2Fv2%2Fcategories&post=711"},{"taxonomy":"post_tag","embeddable":true,"href":"http:\/\/thorsten-mann-raudies.de\/index.php?rest_route=%2Fwp%2Fv2%2Ftags&post=711"}],"curies":[{"name":"wp","href":"https:\/\/api.w.org\/{rel}","templated":true}]}}