{"id":655,"date":"2022-09-29T22:29:35","date_gmt":"2022-09-29T22:29:35","guid":{"rendered":"http:\/\/thorsten-mann-raudies.de\/?p=655"},"modified":"2022-11-07T09:35:14","modified_gmt":"2022-11-07T09:35:14","slug":"verleihung-der-goldenen-ehrennadel-der-stadt-elmshorn","status":"publish","type":"post","link":"http:\/\/thorsten-mann-raudies.de\/?p=655","title":{"rendered":"Verleihung der goldenen Ehrennadel der Stadt Elmshorn"},"content":{"rendered":"<p>Heute hat mir der B\u00fcrgervorsteher w\u00e4hrend der Sitzung des Stadtverordnetenkollgiums die goldene Ehrennadel der Stadt Elmshorn verliehen.<\/p>\n<p><img loading=\"lazy\" decoding=\"async\" class=\"alignnone size-medium wp-image-656\" src=\"http:\/\/thorsten-mann-raudies.de\/wp-content\/uploads\/2022\/11\/2022-09-29_ehrennadel_urkunde_quadrat_web-300x300.png\" alt=\"\" width=\"300\" height=\"300\" srcset=\"http:\/\/thorsten-mann-raudies.de\/wp-content\/uploads\/2022\/11\/2022-09-29_ehrennadel_urkunde_quadrat_web-300x300.png 300w, http:\/\/thorsten-mann-raudies.de\/wp-content\/uploads\/2022\/11\/2022-09-29_ehrennadel_urkunde_quadrat_web-150x150.png 150w, http:\/\/thorsten-mann-raudies.de\/wp-content\/uploads\/2022\/11\/2022-09-29_ehrennadel_urkunde_quadrat_web-768x768.png 768w, http:\/\/thorsten-mann-raudies.de\/wp-content\/uploads\/2022\/11\/2022-09-29_ehrennadel_urkunde_quadrat_web-100x100.png 100w, http:\/\/thorsten-mann-raudies.de\/wp-content\/uploads\/2022\/11\/2022-09-29_ehrennadel_urkunde_quadrat_web.png 1000w\" sizes=\"auto, (max-width: 300px) 100vw, 300px\" \/><\/p>\n<p>Ich war total \u00fcberrascht. Andreas Hahn (der B\u00fcrgervorsteher) bat mich zu Beginn der Sitzung einen der drei vorbereiteten Blumenstr\u00e4u\u00dfe zu nehmen und ihn sowie B\u00fcrgermeister Volker Hatje vor das Pr\u00e4sidiumspodium zu begleiten, es ginge um eine Ehrung.<\/p>\n<p>Dann sollte ich mich zwischen die beiden stellen. Eine solche Ehrung ist nichts Ungew\u00f6hnliches. Das haben wir in dieser Dreierkonstellation schon gemacht.<\/p>\n<p>Dann fing er an zu erz\u00e4hlen, dass jemand aus den eigenen Reihen geehrt werden solle. Da wir zwei neue Stadtverordnete einzuf\u00fchren hatten, bin ich \u00fcberhaupt nicht auf mich selbst gekommen.<\/p>\n<p>Andreas Hahn rezitierte dann die politischen Stationen und noch immer war ich nicht auf der Spur, bis er dann pl\u00f6tzlich mich anschaute und meinte: &#8222;Du bist das!&#8220;<\/p>\n<p>Das war eine tolle \u00dcberraschung, und ich freue mich riesig \u00fcber diese Ehrung. Danke sch\u00f6n!<\/p>\n<p><img loading=\"lazy\" decoding=\"async\" class=\"alignnone size-medium wp-image-649\" src=\"http:\/\/thorsten-mann-raudies.de\/wp-content\/uploads\/2022\/11\/2022-09-29_ehrennadel_nadel_web-300x300.png\" alt=\"\" width=\"300\" height=\"300\" srcset=\"http:\/\/thorsten-mann-raudies.de\/wp-content\/uploads\/2022\/11\/2022-09-29_ehrennadel_nadel_web-300x300.png 300w, http:\/\/thorsten-mann-raudies.de\/wp-content\/uploads\/2022\/11\/2022-09-29_ehrennadel_nadel_web-150x150.png 150w, http:\/\/thorsten-mann-raudies.de\/wp-content\/uploads\/2022\/11\/2022-09-29_ehrennadel_nadel_web-768x768.png 768w, http:\/\/thorsten-mann-raudies.de\/wp-content\/uploads\/2022\/11\/2022-09-29_ehrennadel_nadel_web-100x100.png 100w, http:\/\/thorsten-mann-raudies.de\/wp-content\/uploads\/2022\/11\/2022-09-29_ehrennadel_nadel_web.png 1000w\" sizes=\"auto, (max-width: 300px) 100vw, 300px\" \/><\/p>\n","protected":false},"excerpt":{"rendered":"<p>Heute hat mir der B\u00fcrgervorsteher w\u00e4hrend der Sitzung des Stadtverordnetenkollgiums die goldene Ehrennadel der Stadt Elmshorn verliehen. Ich war total \u00fcberrascht. Andreas Hahn (der B\u00fcrgervorsteher) bat mich zu Beginn der Sitzung einen der drei vorbereiteten Blumenstr\u00e4u\u00dfe zu nehmen und ihn sowie B\u00fcrgermeister Volker Hatje vor das Pr\u00e4sidiumspodium zu begleiten, es ginge um eine Ehrung. Dann &hellip; <\/p>\n<p class=\"link-more\"><a href=\"http:\/\/thorsten-mann-raudies.de\/?p=655\" class=\"more-link\"><span class=\"screen-reader-text\">\u201eVerleihung der goldenen Ehrennadel der Stadt Elmshorn\u201c <\/span>weiterlesen<\/a><\/p>\n","protected":false},"author":2,"featured_media":658,"comment_status":"open","ping_status":"open","sticky":false,"template":"","format":"standard","meta":{"jetpack_post_was_ever_published":false,"_jetpack_newsletter_access":"","_jetpack_dont_email_post_to_subs":false,"_jetpack_newsletter_tier_id":0,"_jetpack_memberships_contains_paywalled_content":false,"_jetpack_memberships_contains_paid_content":false,"footnotes":"","jetpack_publicize_message":"","jetpack_publicize_feature_enabled":true,"jetpack_social_post_already_shared":true,"jetpack_social_options":{"image_generator_settings":{"template":"highway","default_image_id":0,"font":"","enabled":false},"version":2}},"categories":[13],"tags":[],"class_list":["post-655","post","type-post","status-publish","format-standard","has-post-thumbnail","hentry","category-allgemein"],"jetpack_publicize_connections":[],"jetpack_featured_media_url":"http:\/\/thorsten-mann-raudies.de\/wp-content\/uploads\/2022\/11\/20220929_201535_neu.jpg","jetpack_sharing_enabled":true,"jetpack_shortlink":"https:\/\/wp.me\/paioum-az","_links":{"self":[{"href":"http:\/\/thorsten-mann-raudies.de\/index.php?rest_route=\/wp\/v2\/posts\/655","targetHints":{"allow":["GET"]}}],"collection":[{"href":"http:\/\/thorsten-mann-raudies.de\/index.php?rest_route=\/wp\/v2\/posts"}],"about":[{"href":"http:\/\/thorsten-mann-raudies.de\/index.php?rest_route=\/wp\/v2\/types\/post"}],"author":[{"embeddable":true,"href":"http:\/\/thorsten-mann-raudies.de\/index.php?rest_route=\/wp\/v2\/users\/2"}],"replies":[{"embeddable":true,"href":"http:\/\/thorsten-mann-raudies.de\/index.php?rest_route=%2Fwp%2Fv2%2Fcomments&post=655"}],"version-history":[{"count":2,"href":"http:\/\/thorsten-mann-raudies.de\/index.php?rest_route=\/wp\/v2\/posts\/655\/revisions"}],"predecessor-version":[{"id":659,"href":"http:\/\/thorsten-mann-raudies.de\/index.php?rest_route=\/wp\/v2\/posts\/655\/revisions\/659"}],"wp:featuredmedia":[{"embeddable":true,"href":"http:\/\/thorsten-mann-raudies.de\/index.php?rest_route=\/wp\/v2\/media\/658"}],"wp:attachment":[{"href":"http:\/\/thorsten-mann-raudies.de\/index.php?rest_route=%2Fwp%2Fv2%2Fmedia&parent=655"}],"wp:term":[{"taxonomy":"category","embeddable":true,"href":"http:\/\/thorsten-mann-raudies.de\/index.php?rest_route=%2Fwp%2Fv2%2Fcategories&post=655"},{"taxonomy":"post_tag","embeddable":true,"href":"http:\/\/thorsten-mann-raudies.de\/index.php?rest_route=%2Fwp%2Fv2%2Ftags&post=655"}],"curies":[{"name":"wp","href":"https:\/\/api.w.org\/{rel}","templated":true}]}}