{"id":628,"date":"2022-06-20T18:57:05","date_gmt":"2022-06-20T18:57:05","guid":{"rendered":"http:\/\/thorsten-mann-raudies.de\/?p=628"},"modified":"2022-11-07T18:12:54","modified_gmt":"2022-11-07T18:12:54","slug":"jugendkulturpreis-fuer-die-big-band-der-bismarckschule-elmshorn","status":"publish","type":"post","link":"http:\/\/thorsten-mann-raudies.de\/?p=628","title":{"rendered":"Jugendkulturpreis f\u00fcr die Big Band der Bismarckschule Elmshorn"},"content":{"rendered":"<p>Am 17. Juni 2023 habe ich der Big Band der Bismarckschule Elmshorn den ersten Jugendkulturpreis der Stadt Elmshorn verliehen.<\/p>\n<p>Herzlichen Gl\u00fcckwunsch!<\/p>\n<p>Gesprochen haben au\u00dfer mir: Anna Haentjens als Juryvorsitzende, Per Olaf Reich, der uns als Schulleiter herzlich in der Aula der Bismarckschule begr\u00fc\u00dft hat, Matthias Wichmann, der eine launige Laudatio hielt. Er schlug den Bogen zu seinen ersten Tagen an der Bismarckschule, als eine Big Band undenkbar gewesen ist. Erst mit dem Generationswechsel der Lehrkr\u00e4fte kam dann so langsam Schwung in die Sache. Der heutige Musikunterricht sei mit seiner eigenen Schulerfahrung und mit der ersten Zeit an der Bismarckschule \u00fcberhaupt nicht zu vergleichen. Er gratulierte von ganzem Herzen.<\/p>\n<p>Lasse Fankh\u00e4hnel \u2013 der aktuelle Leiter der Big Band \u2013 bedankte sich f\u00fcr den Preis.<\/p>\n<p>Die Big Band umrahmte die Preisverleihung selbst mit musikalischen Beitr\u00e4gen h\u00f6chsten Niveaus.<\/p>\n<p>Und hier mein Redetext:<\/p>\n<blockquote><p>Warum auch immer, es gibt sie ganz einfach:<\/p>\n<p>Die Rivalit\u00e4t zwischen Pinneberg und Elmshorn.<\/p>\n<p>Da existiert auch so mancher nicht gerade wertsch\u00e4tzender Spruch oder Witz.<\/p>\n<p>Was uns in Elmshorn schon lange ein Dorn im Auge war, ist der Kulturpreis des Kreises Pinneberg.<\/p>\n<p>Eigentlich ist das auch nicht ganz richtig.<\/p>\n<p>Der Preis selbst ist schon in Ordnung, aber dass ihn bis vor einigen Jahrzehnten niemand aus Elmshorn erhalten hat, das hat uns gewurmt.<\/p>\n<p>Schlie\u00dflich ist doch unsere Stadt das heimliche Kulturzentrum des Kreises Pinneberg, oder etwa nicht?<\/p>\n<p>Mit \u00fcber 80 Kulturschaffenden \u2013 Einzelpersonen bis hin zu gro\u00dfen Gruppen jeglicher kultureller Genres \u2013 kann sich unsere Kulturszene mehr als sehen lassen.<\/p>\n<p>Manch St\u00e4dte \u2013 sogar Gro\u00dfst\u00e4dte &#8211; sind neidisch auf uns.<\/p>\n<p>Zum Beispiel auf unseren Skulpturengarten. Darauf hat z.B. Hannover ein Auge geworfen.<\/p>\n<p>Es musste unbedingt etwas eigenes her.<\/p>\n<p>So eine Art Diplom oder Urkunde, oder eben ein richtiger Preis.<\/p>\n<p>Der Kulturausschuss hat folgerichtig den Kulturpreis der Stadt Elmshorn aus der Taufe gehoben.<\/p>\n<p>Vor 20 Jahren \u2013 im Jahr 2002 \u2013 wurde er zum ersten Mal verliehen, und zwar an den K\u00fcnstler Anders Petersen.<\/p>\n<p>Die Latte zur Verleihung des Kulturpreises liegt hoch. Er wird alle zwei Jahre als Anerkennung f\u00fcr au\u00dfergew\u00f6hnliche, k\u00fcnstlerische Leistungen auf verschiedenen kulturellen Gebieten vergeben.<\/p>\n<p>So haben wir in der Vergangenheit Preistr\u00e4gerschaften f\u00fcr besondere Verdienste in den Bereichen der bildenden Kunst, des Theaters, der Fotografie, der Musik und Literatur vergeben, die durch die Kulturschaffenden oder durch ihre Werke eng mit Elmshorn verbunden waren und es bis heute sind.<\/p>\n<p>Jede und jeder kann jemand f\u00fcr den Elmshorner Kulturpreis vorschlagen, solange sie oder er den Vergaberichtlinien gen\u00fcgt.<\/p>\n<p>Vorgeschlagen wurden Menschen \u2013 in einem Fall sogar ein ganzes Orchester \u2013 die schon lange kulturell unterwegs sind.<\/p>\n<p>Warum ist eigentlich damals niemand auf die Idee gekommen, dass es mindestens genau so viele J\u00fcngere gibt, die einen Preis verdienten?<\/p>\n<p>Ich wei\u00df es nicht.<\/p>\n<p>Tatsache ist es aber, dass wir in der Jury zunehmend auch solche Vorschl\u00e4ge bekamen, die wir nicht honorieren konnten.<\/p>\n<p>Die Jury ist sich nun mal dar\u00fcber einig, dass f\u00fcr die Vergabe des Elmshorner Kulturpreises eine kontinuierliche Leistung \u00fcber einen l\u00e4ngeren Zeitraum hinweg mit ausschlaggebend sein sollte.<\/p>\n<p>J\u00fcngere Menschen k\u00f6nnen aufgrund ihres Lebensalters diese Voraussetzung logischerweise nicht erf\u00fcllen.<\/p>\n<p>So kam es 2018 zu einem Antrag einer gro\u00dfen Fraktion, zus\u00e4tzlich einen Jugend-Kulturpreis auszuloben, der im Wechsel mit dem Kulturpreis ebenfalls alle zwei Jahre vergeben werden soll.<\/p>\n<p>Dar\u00fcber wurde im Kulturausschuss beraten, und neben dem Jugend-Kulturpreis auch noch ein Dritter, der Nachwuchspreis erfunden.<\/p>\n<p>Der Unterschied liegt einfach darin, dass der Jugend-Kulturpreis f\u00fcr Menschen bis 25 Jahre, der Nachwuchspreis f\u00fcr noch J\u00fcngere bis 18 Jahre verliehen werden soll.<\/p>\n<p>Das Stadtverordnetenkolelgium ist dem Beschluss des Kulturausschusses im Jahr 2019 gefolgt \u2013 und dann kam die Pandemie.<\/p>\n<p>Nichts ging mehr.<\/p>\n<p>So kommt es also, dass wir heute &#8211; erst vier Jahre nach dem Startschuss \u2013 den ersten Jugend-Kulturpreis f\u00fcr das Jahr 2021 mit einer Anerkennungssumme von 1.000 Euro vergeben k\u00f6nnen.<\/p>\n<p>Im Fr\u00fchsommer 2021 w\u00e4hlte eine 17-k\u00f6pfige Jury aus musikalischen Fachleuten, Vertreter*innen der politischen Fraktionen und der Schulen aus den vielf\u00e4ltig eingereichten Vorschl\u00e4gen den Preistr\u00e4ger \u2013 die Big Band der Bismarckschule f\u00fcr den Jugendkulturpreis, und Victoria J\u00fcrgens f\u00fcr den Nachwuchspreis.<\/p>\n<p>Ob diese drei bedeutenden Preise der Grund f\u00fcr den Kreis Pinneberg waren, deren Kreiskulturpreis in Drosteipreis umzubenennen, wei\u00df ich nicht.<\/p>\n<p>Auf jeden Fall aber hat Elmshorn nun drei M\u00f6glichkeiten, herausragende Kulturschaffende quasi von der Wiege bis ins hohe Alter zu ehren.<\/p>\n<p>Den Nachwuchspreis 2021 konnten wir Vicky bereits am letzten Samstag im Haus 13 verleihen.<\/p>\n<p>Und heute nun soll endlich auch die Bigband der Bismarckschule ihren Jugendkulturpreis 2021 bekommen.<\/p>\n<p>Ich bin ein bi\u00dfchen neidisch.<\/p>\n<p>Nein, nicht auf den Preis, aber darauf, dass die Bismarckschule eine Bigband hat.<\/p>\n<p>Zu meiner Zeit auf der EBS gab es so etwas leider nicht. Das h\u00e4tte ich gerne gehabt.<\/p>\n<p>Hier aber, lieber Herr Reich, gibt es eine richtig gute Band.<\/p>\n<p>Sie wurde im Schuljahr 2008\/2009 durch den Musiklehrer Andr\u00e9 Brendem\u00fchl gegr\u00fcndet, der leider viel zu fr\u00fch verstorben ist.<\/p>\n<p>Ihm geb\u00fchrt an dieser Stelle nachtr\u00e4glich ein besonderer Dank, den ich ihm gerne pers\u00f6nlich ausgesprochen h\u00e4tte.<\/p>\n<p>Durch die Unterst\u00fctzung von Lehrkr\u00e4ften der Musikschule Elmshorn, konnte das musikalische Niveau der Musizierenden enorm wachsen.<\/p>\n<p>Andr\u00e9 Brendem\u00fchl hatte das Ziel, eines Tages aus der Big Band und den anderen Instrumentalgruppen der Bismarckschule, ein Elmshorner Jugend-Sinfonieorchester zu formen, wie er mir mal erz\u00e4hlte.<\/p>\n<p>Ich bin sehr dankbar \u2013 da spreche ich sicher f\u00fcr alle hier im Saal \u2013 dass Lasse Fankh\u00e4hnel die gro\u00dfartige Arbeit von Andr\u00e9 Brendem\u00fchl fortsetzt.<\/p>\n<p>Die Big Band sorgt seit ihrer Gr\u00fcndung f\u00fcr Furore.<\/p>\n<p>Der erste Auftritt fand bereits 2009 bei der Landesausgabe von \u201eSchulen musizieren\u201c statt.<\/p>\n<p>Schnell etablierte sie sich als feste, auch \u00fcberregional wirkende Formation mit Auftritten bei Veranstaltungen wie etwa der \u201eInternationalen Gartenschau\u201c, der Bundesausgabe \u201eSchulen musizieren\u201c oder der Landesbegegnung \u201eJugend jazzt\u201c, wo die Big Band als beste Gruppe in ihrer Altersklasse ausgezeichnet wurde.<\/p>\n<p>Es fanden Auftritte in der Bismarckschule, auf dem Festival \u201eJazz \u201an\u2018 Roses\u201c und gemeinsame Auftritte mit einem Ensemble des Ludwig-Meyn-Gymnasiums aus Uetersen statt.<\/p>\n<p>Die Big Band pr\u00e4sentierte eine Inszenierung der \u201eRocky Horror Picture Show\u201c und eine Hommage an die Filmfigur \u201eJames Bond\u201c im Stile eines Musicals.<\/p>\n<p>Dabei wurde immer wieder eindrucksvoll unter Beweis gestellt, dass die Besetzungen hochwertige Adaptionen von bekannten Titeln mit einer jeweils eigenen Note umzusetzen verm\u00f6gen.<\/p>\n<p>Auch w\u00e4hrend der Elmshorn Gala im Saalbau konnten wir die Big Band erleben.<\/p>\n<p>Ich geb \u00b4 s zu: ich w\u00fcrde ja schon mal gerne \u201eNew York, New York\u201c oder auch \u201eMy Way\u201c mit Euch singen.<\/p>\n<p>Aber nat\u00fcrlich habt ihr noch viel mehr drauf.<\/p>\n<p>Nach zwei langen Jahren der eingeschr\u00e4nkten M\u00f6glichkeiten durch die Auswirkungen der Corona-Pandemie erleben wir heute Kostproben aus dem Repertoire.<\/p>\n<p>Ich danke der Jury und ihrer Vorsitzenden &#8211; dir, liebe Anna &#8211; f\u00fcr ihre gute Wahl.<\/p>\n<p>Der Big Band der Bismarckschule gratuliere ich zum Jugend-Kulturpreis der Stadt Elmshorn 2021 von ganzem Herzen.<\/p><\/blockquote>\n","protected":false},"excerpt":{"rendered":"<p>Am 17. Juni 2023 habe ich der Big Band der Bismarckschule Elmshorn den ersten Jugendkulturpreis der Stadt Elmshorn verliehen. Herzlichen Gl\u00fcckwunsch! Gesprochen haben au\u00dfer mir: Anna Haentjens als Juryvorsitzende, Per Olaf Reich, der uns als Schulleiter herzlich in der Aula der Bismarckschule begr\u00fc\u00dft hat, Matthias Wichmann, der eine launige Laudatio hielt. Er schlug den Bogen &hellip; <\/p>\n<p class=\"link-more\"><a href=\"http:\/\/thorsten-mann-raudies.de\/?p=628\" class=\"more-link\"><span class=\"screen-reader-text\">\u201eJugendkulturpreis f\u00fcr die Big Band der Bismarckschule Elmshorn\u201c <\/span>weiterlesen<\/a><\/p>\n","protected":false},"author":2,"featured_media":630,"comment_status":"open","ping_status":"open","sticky":false,"template":"","format":"standard","meta":{"jetpack_post_was_ever_published":false,"_jetpack_newsletter_access":"","_jetpack_dont_email_post_to_subs":false,"_jetpack_newsletter_tier_id":0,"_jetpack_memberships_contains_paywalled_content":false,"_jetpack_memberships_contains_paid_content":false,"footnotes":"","jetpack_publicize_message":"","jetpack_publicize_feature_enabled":true,"jetpack_social_post_already_shared":true,"jetpack_social_options":{"image_generator_settings":{"template":"highway","default_image_id":0,"font":"","enabled":false},"version":2}},"categories":[3,14],"tags":[],"class_list":["post-628","post","type-post","status-publish","format-standard","has-post-thumbnail","hentry","category-kultur-und-weiterbildung","category-reden"],"jetpack_publicize_connections":[],"jetpack_featured_media_url":"http:\/\/thorsten-mann-raudies.de\/wp-content\/uploads\/2022\/06\/IMG-20220619-WA0001.jpg","jetpack_sharing_enabled":true,"jetpack_shortlink":"https:\/\/wp.me\/paioum-a8","_links":{"self":[{"href":"http:\/\/thorsten-mann-raudies.de\/index.php?rest_route=\/wp\/v2\/posts\/628","targetHints":{"allow":["GET"]}}],"collection":[{"href":"http:\/\/thorsten-mann-raudies.de\/index.php?rest_route=\/wp\/v2\/posts"}],"about":[{"href":"http:\/\/thorsten-mann-raudies.de\/index.php?rest_route=\/wp\/v2\/types\/post"}],"author":[{"embeddable":true,"href":"http:\/\/thorsten-mann-raudies.de\/index.php?rest_route=\/wp\/v2\/users\/2"}],"replies":[{"embeddable":true,"href":"http:\/\/thorsten-mann-raudies.de\/index.php?rest_route=%2Fwp%2Fv2%2Fcomments&post=628"}],"version-history":[{"count":1,"href":"http:\/\/thorsten-mann-raudies.de\/index.php?rest_route=\/wp\/v2\/posts\/628\/revisions"}],"predecessor-version":[{"id":629,"href":"http:\/\/thorsten-mann-raudies.de\/index.php?rest_route=\/wp\/v2\/posts\/628\/revisions\/629"}],"wp:featuredmedia":[{"embeddable":true,"href":"http:\/\/thorsten-mann-raudies.de\/index.php?rest_route=\/wp\/v2\/media\/630"}],"wp:attachment":[{"href":"http:\/\/thorsten-mann-raudies.de\/index.php?rest_route=%2Fwp%2Fv2%2Fmedia&parent=628"}],"wp:term":[{"taxonomy":"category","embeddable":true,"href":"http:\/\/thorsten-mann-raudies.de\/index.php?rest_route=%2Fwp%2Fv2%2Fcategories&post=628"},{"taxonomy":"post_tag","embeddable":true,"href":"http:\/\/thorsten-mann-raudies.de\/index.php?rest_route=%2Fwp%2Fv2%2Ftags&post=628"}],"curies":[{"name":"wp","href":"https:\/\/api.w.org\/{rel}","templated":true}]}}